{"id":81,"date":"2017-07-03T15:15:31","date_gmt":"2017-07-03T13:15:31","guid":{"rendered":"http:\/\/fens.if.pw.edu.pl\/krab\/?p=81"},"modified":"2017-07-03T15:15:31","modified_gmt":"2017-07-03T13:15:31","slug":"15-sympozjum-krajowej-rady-koordynatorow-projektow-badawczych-ue-krab-2-czerwca-2017-instytut-genetyki-i-hodowli-zwierzat-pan-jastrzebiec-kwarszawy","status":"publish","type":"post","link":"https:\/\/fens.org.pl\/krab\/blog\/2017\/07\/03\/15-sympozjum-krajowej-rady-koordynatorow-projektow-badawczych-ue-krab-2-czerwca-2017-instytut-genetyki-i-hodowli-zwierzat-pan-jastrzebiec-kwarszawy\/","title":{"rendered":"15. Sympozjum Krajowej Rady Koordynator\u00f3w Projekt\u00f3w Badawczych UE KRAB, 2 czerwca 2017, Instytut Genetyki i Hodowli Zwierz\u0105t PAN, Jastrz\u0119biec k\/Warszawy"},"content":{"rendered":"<p>Sympozjum po\u015bwi\u0119cone b\u0119dzie projektom badawczym prowadzonym w ramach Horyzontu 2020 ze szczeg\u00f3lnym uwzgl\u0119dnieniem\u00a0<b>projekt\u00f3w REGPOT i strategii rozwoju centr\u00f3w badawczych w polskich regionach.<\/b><br \/>\nPo sympozjum przewidziane jest\u00a0<b>Walne Zgromadzenie KRAB<\/b>\u00a0(patrz informacja poni\u017cej) .<br \/>\n<b>Ramowy program Sympozjum<\/b>\u00a0dost\u0119pny jest\u00a0<b><a href=\"http:\/\/krab15.syskonf.pl\/program-sympozjum\">tutaj<\/a><\/b>.<\/p>\n<p>Z przyjemno\u015bci\u0105 informujemy, \u017ce udzia\u0142 w Sympozjum potwierdzi\u0142 m.in. Pan Wicepremier Jaros\u0142aw Gowin, Minister Nauki i Szkolnictwa Wy\u017cszego.<\/p>\n<p>Zg\u0142oszenia na Sympozjum przyjmujemy do dnia 25 maja poprzez stron\u0119\u00a0<a href=\"http:\/\/krab15.syskonf.pl\/\">http:\/\/krab15.syskonf.pl.<\/a><\/p>\n","protected":false},"excerpt":{"rendered":"<p>Sympozjum po\u015bwi\u0119cone b\u0119dzie projektom badawczym prowadzonym w ramach Horyzontu 2020 ze szczeg\u00f3lnym uwzgl\u0119dnieniem\u00a0projekt\u00f3w REGPOT i strategii rozwoju centr\u00f3w badawczych w polskich regionach. Po sympozjum przewidziane jest\u00a0Walne Zgromadzenie KRAB\u00a0(patrz informacja poni\u017cej) . Ramowy program Sympozjum\u00a0dost\u0119pny jest\u00a0tutaj. Z przyjemno\u015bci\u0105 informujemy, \u017ce udzia\u0142 w Sympozjum potwierdzi\u0142 m.in. Pan Wicepremier Jaros\u0142aw Gowin, Minister Nauki i Szkolnictwa Wy\u017cszego. Zg\u0142oszenia na &#8230; <a title=\"15. Sympozjum Krajowej Rady Koordynator\u00f3w Projekt\u00f3w Badawczych UE KRAB, 2 czerwca 2017, Instytut Genetyki i Hodowli Zwierz\u0105t PAN, Jastrz\u0119biec k\/Warszawy\" class=\"read-more\" href=\"https:\/\/fens.org.pl\/krab\/blog\/2017\/07\/03\/15-sympozjum-krajowej-rady-koordynatorow-projektow-badawczych-ue-krab-2-czerwca-2017-instytut-genetyki-i-hodowli-zwierzat-pan-jastrzebiec-kwarszawy\/\" aria-label=\"More on 15. Sympozjum Krajowej Rady Koordynator\u00f3w Projekt\u00f3w Badawczych UE KRAB, 2 czerwca 2017, Instytut Genetyki i Hodowli Zwierz\u0105t PAN, Jastrz\u0119biec k\/Warszawy\">Read more<\/a><\/p>\n","protected":false},"author":1,"featured_media":0,"comment_status":"open","ping_status":"open","sticky":false,"template":"","format":"standard","meta":[],"categories":[1],"tags":[],"_links":{"self":[{"href":"https:\/\/fens.org.pl\/krab\/wp-json\/wp\/v2\/posts\/81"}],"collection":[{"href":"https:\/\/fens.org.pl\/krab\/wp-json\/wp\/v2\/posts"}],"about":[{"href":"https:\/\/fens.org.pl\/krab\/wp-json\/wp\/v2\/types\/post"}],"author":[{"embeddable":true,"href":"https:\/\/fens.org.pl\/krab\/wp-json\/wp\/v2\/users\/1"}],"replies":[{"embeddable":true,"href":"https:\/\/fens.org.pl\/krab\/wp-json\/wp\/v2\/comments?post=81"}],"version-history":[{"count":1,"href":"https:\/\/fens.org.pl\/krab\/wp-json\/wp\/v2\/posts\/81\/revisions"}],"predecessor-version":[{"id":82,"href":"https:\/\/fens.org.pl\/krab\/wp-json\/wp\/v2\/posts\/81\/revisions\/82"}],"wp:attachment":[{"href":"https:\/\/fens.org.pl\/krab\/wp-json\/wp\/v2\/media?parent=81"}],"wp:term":[{"taxonomy":"category","embeddable":true,"href":"https:\/\/fens.org.pl\/krab\/wp-json\/wp\/v2\/categories?post=81"},{"taxonomy":"post_tag","embeddable":true,"href":"https:\/\/fens.org.pl\/krab\/wp-json\/wp\/v2\/tags?post=81"}],"curies":[{"name":"wp","href":"https:\/\/api.w.org\/{rel}","templated":true}]}}