{"id":150,"date":"2019-04-25T06:01:53","date_gmt":"2019-04-25T04:01:53","guid":{"rendered":"http:\/\/fens.if.pw.edu.pl\/krab\/?p=150"},"modified":"2019-06-12T14:33:21","modified_gmt":"2019-06-12T12:33:21","slug":"xvii-sympozjum-i-walne-zebranie-krab-gdansk-13-14-czerwca-2019","status":"publish","type":"post","link":"https:\/\/fens.org.pl\/krab\/blog\/2019\/04\/25\/xvii-sympozjum-i-walne-zebranie-krab-gdansk-13-14-czerwca-2019\/","title":{"rendered":"XVII Sympozjum i Walne Zebranie KRAB, Gda\u0144sk, 13-14 czerwca  2019"},"content":{"rendered":"<p>ZAPROSZENIE<\/p>\n<h3>Krajowa Rada Koordynator\u00f3w Projekt\u00f3w Badawczych UE serdecznie zaprasza do udzia\u0142u w XVII Sympozjum KRAB, kt\u00f3rego wsp\u00f3\u0142organizatorem i gospodarzem b\u0119dzie Uniwersytet Gda\u0144ski.<\/h3>\n<h3>Data: 13.06.2019 Sympozjum, 14.06.2019 wizyta studyjna<\/h3>\n<h3>Lokalizacja:\u00a0<span style=\"font-size: large\">Uniwersytet Gda\u0144ski, Wydzia\u0142 Nauk Spo\u0142ecznych, ul. Jana Ba\u017cy\u0144skiego 4, 80-309 Gda\u0144sk<\/span><\/h3>\n<p>Celem Sympozjum jest zapoznanie uczestnik\u00f3w z projektami badawczymi prowadzonymi w ramach Horyzontu 2020 i innych Program\u00f3w UE ze szczeg\u00f3lnym uwzgl\u0119dnieniem projekt\u00f3w z obszaru gospodarki morskiej oraz dzia\u0142alno\u015bci\u0105 Mi\u0119dzynarodowych Agend Badawczych.<\/p>\n<p>Spodziewamy si\u0119, \u017ce w Sympozjum we\u017amie udzia\u0142 oko\u0142o 100 uczestnik\u00f3w, w tym przedstawiciele Ministerstwa Nauki i Szkolnictwa Wy\u017cszego, eksperci Krajowego Punktu Kontaktowego Program\u00f3w Badawczych EU oraz koordynatorzy projekt\u00f3w finansowanych z Programu Horyzont 2020.<\/p>\n<p>Zapraszamy do rejestracji uczestnictwa poprzez stron\u0119 internetow\u0105\u00a0<a href=\"https:\/\/krab2019.syskonf.pl\/\" target=\"_blank\" rel=\"noopener\">https:\/\/krab2019.syskonf.pl\/\u00a0<\/a>oraz do zg\u0142aszania propozycji prezentacji ustnych lub posterowych do dnia 15.05.2019.<\/p>\n<p>Uczestnictwo w Sympozjum jest bezp\u0142atne, \u00a0liczba miejsc jest ograniczona,\u00a0decyduje kolejno\u015b\u0107 zg\u0142osze\u0144.<\/p>\n<p>13 czerwca 2019 \u00a0o godz. 17:00 odb\u0119dzie si\u0119 r\u00f3wnie\u017c otwarte Walne Zgromadzenie KRAB, kt\u00f3rego proponowany program obejmuje:<\/p>\n<ul>\n<li>dyskusja nad dzia\u0142alno\u015bci\u0105 Stowarzyszenia KRAB<\/li>\n<li>wybory uzupe\u0142niaj\u0105ce do Zarz\u0105du KRAB<\/li>\n<\/ul>\n<p>Serdecznie zapraszamy !<\/p>\n<p>W imieniu Zarz\u0105du KRAB<\/p>\n<p>Prof. dr hab. in\u017c. Janusz Ho\u0142yst<br \/>\nPrezes Zarz\u0105du KRAB<\/p>\n","protected":false},"excerpt":{"rendered":"<p>ZAPROSZENIE Krajowa Rada Koordynator\u00f3w Projekt\u00f3w Badawczych UE serdecznie zaprasza do udzia\u0142u w XVII Sympozjum KRAB, kt\u00f3rego wsp\u00f3\u0142organizatorem i gospodarzem b\u0119dzie Uniwersytet Gda\u0144ski. Data: 13.06.2019 Sympozjum, 14.06.2019 wizyta studyjna Lokalizacja:\u00a0Uniwersytet Gda\u0144ski, Wydzia\u0142 Nauk Spo\u0142ecznych, ul. Jana Ba\u017cy\u0144skiego 4, 80-309 Gda\u0144sk Celem Sympozjum jest zapoznanie uczestnik\u00f3w z projektami badawczymi prowadzonymi w ramach Horyzontu 2020 i innych Program\u00f3w &#8230; <a title=\"XVII Sympozjum i Walne Zebranie KRAB, Gda\u0144sk, 13-14 czerwca  2019\" class=\"read-more\" href=\"https:\/\/fens.org.pl\/krab\/blog\/2019\/04\/25\/xvii-sympozjum-i-walne-zebranie-krab-gdansk-13-14-czerwca-2019\/\" aria-label=\"More on XVII Sympozjum i Walne Zebranie KRAB, Gda\u0144sk, 13-14 czerwca  2019\">Read more<\/a><\/p>\n","protected":false},"author":3,"featured_media":0,"comment_status":"open","ping_status":"open","sticky":false,"template":"","format":"standard","meta":[],"categories":[1],"tags":[],"_links":{"self":[{"href":"https:\/\/fens.org.pl\/krab\/wp-json\/wp\/v2\/posts\/150"}],"collection":[{"href":"https:\/\/fens.org.pl\/krab\/wp-json\/wp\/v2\/posts"}],"about":[{"href":"https:\/\/fens.org.pl\/krab\/wp-json\/wp\/v2\/types\/post"}],"author":[{"embeddable":true,"href":"https:\/\/fens.org.pl\/krab\/wp-json\/wp\/v2\/users\/3"}],"replies":[{"embeddable":true,"href":"https:\/\/fens.org.pl\/krab\/wp-json\/wp\/v2\/comments?post=150"}],"version-history":[{"count":6,"href":"https:\/\/fens.org.pl\/krab\/wp-json\/wp\/v2\/posts\/150\/revisions"}],"predecessor-version":[{"id":157,"href":"https:\/\/fens.org.pl\/krab\/wp-json\/wp\/v2\/posts\/150\/revisions\/157"}],"wp:attachment":[{"href":"https:\/\/fens.org.pl\/krab\/wp-json\/wp\/v2\/media?parent=150"}],"wp:term":[{"taxonomy":"category","embeddable":true,"href":"https:\/\/fens.org.pl\/krab\/wp-json\/wp\/v2\/categories?post=150"},{"taxonomy":"post_tag","embeddable":true,"href":"https:\/\/fens.org.pl\/krab\/wp-json\/wp\/v2\/tags?post=150"}],"curies":[{"name":"wp","href":"https:\/\/api.w.org\/{rel}","templated":true}]}}