{"id":118,"date":"2018-04-04T20:57:16","date_gmt":"2018-04-04T18:57:16","guid":{"rendered":"http:\/\/fens.if.pw.edu.pl\/krab\/?p=118"},"modified":"2018-04-06T15:43:44","modified_gmt":"2018-04-06T13:43:44","slug":"test-1","status":"publish","type":"post","link":"https:\/\/fens.org.pl\/krab\/blog\/2018\/04\/04\/test-1\/","title":{"rendered":"XVI Sympozjum i Walne Zebranie KRAB, Wroc\u0142aw, 17-18 maja 2018."},"content":{"rendered":"<p><strong>ZAPROSZENIE<\/strong><\/p>\n<h3>Krajowa Rada Koordynator\u00f3w Projekt\u00f3w Badawczych UE serdecznie zaprasza do udzia\u0142u w XVI Sympozjum KRAB, kt\u00f3rego wsp\u00f3\u0142organizatorem i gospodarzem b\u0119dzie KGHM Polska Mied\u017a S.A.<\/h3>\n<h3>Data: 17.05.2018 Sympozjum, 18.05.2018 wizyta studyjna<\/h3>\n<h3>Lokalizacja: KGHM CUPRUM Sp. z o.o. Centrum Badawczo-Rozwojowe, ul. Genera\u0142a W\u0142adys\u0142awa Sikorskiego 2-8, 53-659 Wroc\u0142aw<\/h3>\n<p>Celem Sympozjum jest prezentacja i dyskusja na temat zaanga\u017cowania i osi\u0105gni\u0119\u0107 polskich zespo\u0142\u00f3w badawczych w 7 PR UE oraz w programie HORYZONT 2020, ze szczeg\u00f3lnym uwzgl\u0119dnieniem sukces\u00f3w przemys\u0142u, w tym prac badawczo rozwojowych i wdro\u017ceniowych prowadzonych w Grupie KGHM Polska Mied\u017a S.A. Wydarzenie ma r\u00f3wnie\u017c przyczyni\u0107 si\u0119 do budowy ekosystemu innowacji, czemu pos\u0142u\u017cy\u0107 ma sesja wok\u00f3\u0142 kluczowych obszar\u00f3w zidentyfikowanych przez KGHM, oraz prezentacje zg\u0142oszone przez uczestnik\u00f3w sympozjum.<\/p>\n<p>Oczekujemy, \u017ce w wydarzeniu we\u017amie udzia\u0142 oko\u0142o 150 uczestnik\u00f3w. Mamy nadziej\u0119, \u017ce Sympozjum przyczyni si\u0119 do zwi\u0119kszenia udzia\u0142u polskich zespo\u0142\u00f3w w programach badawczych UE i zacie\u015bnienia wsp\u00f3\u0142pracy pomi\u0119dzy sektorem przemys\u0142owym i nauk\u0105.<\/p>\n<p>Uczestnictwo w Sympozjum jest bezp\u0142atne. <strong>Rejestracja trwa do 11 maja 2018<\/strong>, liczba miejsc ograniczona, <strong>decyduje kolejno\u015b\u0107 zg\u0142osze\u0144.<\/strong><\/p>\n<p>Szczeg\u00f3\u0142owe informacje na temat Sympozjum, w tym rejestracja i mo\u017cliwo\u015b\u0107 zg\u0142aszania referat\u00f3w oraz plakat\u00f3w dost\u0119pne s\u0105 na stronie <a href=\"http:\/\/krab16.syskonf.pl\/\"><strong>http:\/\/krab16.syskonf.pl\/\u00a0<\/strong><\/a>\u00a0Tytu\u0142y oraz tematyk\u0119 prezentacji\/plakat\u00f3w oraz rezerwacj\u0119 miejsca na wizycie studyjnej na sk\u0142adowisku odpad\u00f3w flotacyjnych \u201e\u017belazny Most\u201d prosimy zg\u0142asza\u0107 w formularzu rejestracyjnym.<\/p>\n<p>&nbsp;<\/p>\n<p><strong>17 maja o godz. 18:00 odb\u0119dzie si\u0119 r\u00f3wnie\u017c otwarte Walne Zgromadzenie KRAB, kt\u00f3rego proponowany program obejmuje: <\/strong><\/p>\n<ul>\n<li>dyskusja nad dzia\u0142alno\u015bci\u0105 Stowarzyszenia KRAB<\/li>\n<li>wybory uzupe\u0142niaj\u0105ce do Zarz\u0105du KRAB<\/li>\n<\/ul>\n<p>Serdecznie zapraszamy !<\/p>\n<p>W imieniu Zarz\u0105du KRAB<\/p>\n<p>Prof. dr hab. in\u017c. Janusz Ho\u0142yst\u00a0\u00a0\u00a0\u00a0\u00a0\u00a0\u00a0\u00a0\u00a0\u00a0\u00a0\u00a0\u00a0\u00a0\u00a0\u00a0\u00a0\u00a0\u00a0\u00a0\u00a0\u00a0\u00a0\u00a0\u00a0\u00a0\u00a0\u00a0\u00a0 \u00a0\u00a0\u00a0\u00a0\u00a0\u00a0\u00a0\u00a0\u00a0\u00a0\u00a0\u00a0\u00a0\u00a0\u00a0\u00a0\u00a0 dr Zygmunt Krasi\u0144ski<br \/>\nPrezes Zarz\u0105du KRAB \u00a0 \u00a0 \u00a0 \u00a0 \u00a0 \u00a0 \u00a0 \u00a0 \u00a0 \u00a0 \u00a0 \u00a0 \u00a0 \u00a0 \u00a0 \u00a0 \u00a0 \u00a0 \u00a0 \u00a0 \u00a0 \u00a0 \u00a0 \u00a0 \u00a0 \u00a0 \u00a0 \u00a0 \u00a0 \u00a0 \u00a0 \u00a0 Cz\u0142onek Zarz\u0105du KRAB<\/p>\n","protected":false},"excerpt":{"rendered":"<p>ZAPROSZENIE Krajowa Rada Koordynator\u00f3w Projekt\u00f3w Badawczych UE serdecznie zaprasza do udzia\u0142u w XVI Sympozjum KRAB, kt\u00f3rego wsp\u00f3\u0142organizatorem i gospodarzem b\u0119dzie KGHM Polska Mied\u017a S.A. Data: 17.05.2018 Sympozjum, 18.05.2018 wizyta studyjna Lokalizacja: KGHM CUPRUM Sp. z o.o. Centrum Badawczo-Rozwojowe, ul. Genera\u0142a W\u0142adys\u0142awa Sikorskiego 2-8, 53-659 Wroc\u0142aw Celem Sympozjum jest prezentacja i dyskusja na temat zaanga\u017cowania i &#8230; <a title=\"XVI Sympozjum i Walne Zebranie KRAB, Wroc\u0142aw, 17-18 maja 2018.\" class=\"read-more\" href=\"https:\/\/fens.org.pl\/krab\/blog\/2018\/04\/04\/test-1\/\" aria-label=\"More on XVI Sympozjum i Walne Zebranie KRAB, Wroc\u0142aw, 17-18 maja 2018.\">Read more<\/a><\/p>\n","protected":false},"author":3,"featured_media":0,"comment_status":"open","ping_status":"open","sticky":false,"template":"","format":"standard","meta":[],"categories":[1],"tags":[],"_links":{"self":[{"href":"https:\/\/fens.org.pl\/krab\/wp-json\/wp\/v2\/posts\/118"}],"collection":[{"href":"https:\/\/fens.org.pl\/krab\/wp-json\/wp\/v2\/posts"}],"about":[{"href":"https:\/\/fens.org.pl\/krab\/wp-json\/wp\/v2\/types\/post"}],"author":[{"embeddable":true,"href":"https:\/\/fens.org.pl\/krab\/wp-json\/wp\/v2\/users\/3"}],"replies":[{"embeddable":true,"href":"https:\/\/fens.org.pl\/krab\/wp-json\/wp\/v2\/comments?post=118"}],"version-history":[{"count":4,"href":"https:\/\/fens.org.pl\/krab\/wp-json\/wp\/v2\/posts\/118\/revisions"}],"predecessor-version":[{"id":125,"href":"https:\/\/fens.org.pl\/krab\/wp-json\/wp\/v2\/posts\/118\/revisions\/125"}],"wp:attachment":[{"href":"https:\/\/fens.org.pl\/krab\/wp-json\/wp\/v2\/media?parent=118"}],"wp:term":[{"taxonomy":"category","embeddable":true,"href":"https:\/\/fens.org.pl\/krab\/wp-json\/wp\/v2\/categories?post=118"},{"taxonomy":"post_tag","embeddable":true,"href":"https:\/\/fens.org.pl\/krab\/wp-json\/wp\/v2\/tags?post=118"}],"curies":[{"name":"wp","href":"https:\/\/api.w.org\/{rel}","templated":true}]}}